{"id":5181,"date":"2025-05-07T12:56:40","date_gmt":"2025-05-07T10:56:40","guid":{"rendered":"https:\/\/panots.es\/tendencias-en-calzado-los-colores-de-zapatos-que-se-llevaran-esta-temporada\/"},"modified":"2025-10-14T14:47:16","modified_gmt":"2025-10-14T12:47:16","slug":"tendencies-en-calcat-els-colors-de-sabates-que-es-portaran-aquesta-temporada","status":"publish","type":"post","link":"https:\/\/panots.es\/ca\/tendencies-en-calcat-els-colors-de-sabates-que-es-portaran-aquesta-temporada\/","title":{"rendered":"Tend\u00e8ncies en cal\u00e7at: els colors de sabates que es portaran aquesta temporada"},"content":{"rendered":"\n<p class=\"wp-block-paragraph\">Amb cada nova temporada no nom\u00e9s canvien les temperatures i els estils, tamb\u00e9 ho fan els colors que marquen tend\u00e8ncia. Aquest any, les sabates es converteixen en protagonistes del *look* amb tonalitats que combinen eleg\u00e0ncia, frescor i personalitat. Si est\u00e0s pensant a renovar la teva col\u00b7lecci\u00f3, t\u2019expliquem quins s\u00f3n els colors de sabates que m\u00e9s es portaran aquesta temporada i com combinar-los.<\/p>\n\n<h2 class=\"wp-block-heading\">Beix i tons terra: l\u2019aposta segura<\/h2>\n\n<p class=\"wp-block-paragraph\">Els colors neutres com el beix, el camell o el sorra continuen en auge. S\u00f3n perfectes per a *looks* minimalistes, f\u00e0cils de combinar amb qualsevol pe\u00e7a i molt vers\u00e0tils tant en estils *casual* com formals.<\/p>\n\n<h3 class=\"wp-block-heading\">Com portar-los?<\/h3>\n\n<p class=\"wp-block-paragraph\">Amb *jeans* clars, vestits bohemis o vestits de jaqueta en tons pastel. Ideals per a sand\u00e0lies, mocassins i botins de mitja temporada.<\/p>\n\n<h2 class=\"wp-block-heading\">Blanc pur: protagonista de la mitja temporada<\/h2>\n\n<p class=\"wp-block-paragraph\">El blanc es consolida com un dels colors m\u00e9s frescos i nets de la temporada. Aporta un toc sofisticat a qualsevol conjunt, fins i tot en *looks* del dia a dia.<\/p>\n\n<ol class=\"wp-block-list\">\n<li><\/li>\n<\/ol>\n\n<h3 class=\"wp-block-heading\">Com portar-lo?<\/h3>\n\n<p class=\"wp-block-paragraph\">Amb tons *denim*, estampats florals o conjunts monocrom\u00e0tics. Molt popular en sabatilles, esportives i mocassins d\u2019estiu.<\/p>\n\n<h2 class=\"wp-block-heading\">Vermell intens: el toc d\u2019energia<\/h2>\n\n<p class=\"wp-block-paragraph\">El vermell passi\u00f3 torna amb for\u00e7a per donar vida a qualsevol *outfit*. \u00c9s el color ideal per a aquells que volen destacar i transmetre for\u00e7a i seguretat.<\/p>\n\n<ol start=\"3\" class=\"wp-block-list\">\n<li><\/li>\n<\/ol>\n\n<h3 class=\"wp-block-heading\">Com portar-lo?<\/h3>\n\n<p class=\"wp-block-paragraph\">Amb peces neutres (negre, blanc o gris) o com a contrast amb tons c\u00e0lids. Perfecte per a *stilettos*, ballarines o sabates de tal\u00f3.<\/p>\n\n<h2 class=\"wp-block-heading\">Blau mar\u00ed: elegant i vers\u00e0til<\/h2>\n\n<p class=\"wp-block-paragraph\">El blau fosc es converteix en l\u2019alternativa *chic* al negre. Aporta sobrietat sense ser massa cl\u00e0ssic, ideal per a *looks* professionals o esdeveniments especials.<\/p>\n\n<ol start=\"4\" class=\"wp-block-list\">\n<li><\/li>\n<\/ol>\n\n<h3 class=\"wp-block-heading\">Com portar-lo?<\/h3>\n\n<p class=\"wp-block-paragraph\">Amb tons crus, bordeus o camell. Encaixa molt b\u00e9 en mocassins, sabates *oxford* i botins.<\/p>\n\n<h2 class=\"wp-block-heading\">Verd oliva i caqui: connexi\u00f3 amb la natura<\/h2>\n\n<p class=\"wp-block-paragraph\">Aquests tons verds aporten un aire natural i relaxat, molt en sintonia amb la tend\u00e8ncia *eco* i els materials sostenibles.<\/p>\n\n<ol start=\"5\" class=\"wp-block-list\">\n<li><\/li>\n<\/ol>\n\n<h3 class=\"wp-block-heading\">Com portar-los?<\/h3>\n\n<p class=\"wp-block-paragraph\">Amb beix, blanc trencat o tons terra. Molt utilitzats en *sneakers*, sand\u00e0lies planes i cal\u00e7at urb\u00e0.<\/p>\n\n<p class=\"wp-block-paragraph\">Aquesta temporada, el cal\u00e7at s\u2019omple de color, des dels neutres m\u00e9s elegants fins als tons vibrants i metal\u00b7litzats. Tria els colors que millor s\u2019adaptin al teu estil i combina\u2019ls amb les teves peces preferides per crear <em>looks<\/em> amb personalitat. <a href=\"https:\/\/panots.es\/ca\/colleccions\/\">Visita totes les sabates de Panots.<\/a><\/p>\n","protected":false},"excerpt":{"rendered":"<p>Amb cada nova temporada no nom\u00e9s canvien les temperatures i els estils, tamb\u00e9 ho fan els colors que marquen tend\u00e8ncia. Aquest any, les sabates es converteixen en protagonistes del *look* amb tonalitats que combinen eleg\u00e0ncia, frescor i personalitat. Si est\u00e0s pensant a renovar la teva col\u00b7lecci\u00f3, t\u2019expliquem quins s\u00f3n els colors de sabates que m\u00e9s [&hellip;]<\/p>\n","protected":false},"author":2,"featured_media":5182,"comment_status":"closed","ping_status":"closed","sticky":false,"template":"","format":"standard","meta":{"_acf_changed":false,"footnotes":""},"categories":[],"tags":[],"class_list":["post-5181","post","type-post","status-publish","format-standard","has-post-thumbnail","hentry"],"acf":[],"_links":{"self":[{"href":"https:\/\/panots.es\/ca\/wp-json\/wp\/v2\/posts\/5181","targetHints":{"allow":["GET"]}}],"collection":[{"href":"https:\/\/panots.es\/ca\/wp-json\/wp\/v2\/posts"}],"about":[{"href":"https:\/\/panots.es\/ca\/wp-json\/wp\/v2\/types\/post"}],"author":[{"embeddable":true,"href":"https:\/\/panots.es\/ca\/wp-json\/wp\/v2\/users\/2"}],"replies":[{"embeddable":true,"href":"https:\/\/panots.es\/ca\/wp-json\/wp\/v2\/comments?post=5181"}],"version-history":[{"count":0,"href":"https:\/\/panots.es\/ca\/wp-json\/wp\/v2\/posts\/5181\/revisions"}],"wp:featuredmedia":[{"embeddable":true,"href":"https:\/\/panots.es\/ca\/wp-json\/wp\/v2\/media\/5182"}],"wp:attachment":[{"href":"https:\/\/panots.es\/ca\/wp-json\/wp\/v2\/media?parent=5181"}],"wp:term":[{"taxonomy":"category","embeddable":true,"href":"https:\/\/panots.es\/ca\/wp-json\/wp\/v2\/categories?post=5181"},{"taxonomy":"post_tag","embeddable":true,"href":"https:\/\/panots.es\/ca\/wp-json\/wp\/v2\/tags?post=5181"}],"curies":[{"name":"wp","href":"https:\/\/api.w.org\/{rel}","templated":true}]}}